{"id":24,"date":"2024-02-22T21:30:53","date_gmt":"2024-02-22T21:30:53","guid":{"rendered":"https:\/\/mundial2026.social\/blog\/?p=24"},"modified":"2024-02-22T21:48:54","modified_gmt":"2024-02-22T21:48:54","slug":"luis-de-la-fuente-extiende-su-contrato","status":"publish","type":"post","link":"https:\/\/mundial2026.social\/blog\/luis-de-la-fuente-extiende-su-contrato\/","title":{"rendered":"Luis de la Fuente extiende su contrato con Espa\u00f1a hasta el Mundial 2026"},"content":{"rendered":"<h1>Luis de la Fuente extiende su contrato con Espa\u00f1a hasta el Mundial 2026<\/h1>\n<p><strong>Luis de la Fuente<\/strong> ha extendido su compromiso como director t\u00e9cnico de la <strong>selecci\u00f3n espa\u00f1ola<\/strong>, asegurando su liderazgo hasta el a\u00f1o 2026. Esta decisi\u00f3n fue respaldada por la <strong>Comisi\u00f3n Gestora de la Federaci\u00f3n Espa\u00f1ola de F\u00fatbol<\/strong> durante su reuni\u00f3n del jueves, lo que garantiza estabilidad en el equipo nacional en el camino hacia la <strong>Eurocopa 2024 en Alemania<\/strong> y m\u00e1s all\u00e1, hasta la <strong><a href=\"https:\/\/mundial2026.social\/\">Copa del Mundo de 2026<\/a> en Canad\u00e1, M\u00e9xico y Estados Unidos<\/strong>.<\/p>\n<p>La <strong>RFEF<\/strong>, en su comunicado oficial, destac\u00f3 que esta renovaci\u00f3n es crucial para el desarrollo y la cohesi\u00f3n del <strong>equipo espa\u00f1ol<\/strong>, brindando un respaldo s\u00f3lido para su participaci\u00f3n en la pr\u00f3xima <strong>Eurocopa<\/strong>. <strong>Luis de la Fuente<\/strong>, reconocido por su destacada trayectoria como jugador y su \u00e9xito en el \u00e1mbito de la gesti\u00f3n deportiva, ha sido una figura fundamental en el panorama futbol\u00edstico espa\u00f1ol.<\/p>\n<p>Con una experiencia notable como futbolista en clubes como el <strong>Athletic Club de Bilbao, Sevilla y Alav\u00e9s<\/strong>, <strong>De la Fuente<\/strong> ha demostrado su val\u00eda tambi\u00e9n como entrenador, cosechando triunfos significativos en las categor\u00edas inferiores y logrando t\u00edtulos importantes, como el <strong>Europeo Sub-21<\/strong> y la medalla de plata en los <strong>Juegos Ol\u00edmpicos de Tokio<\/strong>.<\/p>\n<p>&nbsp;<\/p>\n<p><img fetchpriority=\"high\" decoding=\"async\" class=\" wp-image-29 alignright\" src=\"https:\/\/mundial2026.social\/blog\/wp-content\/uploads\/2024\/02\/luis-enrique-y-de-la-fuente-300x169.jpg\" alt=\"\" width=\"341\" height=\"192\" srcset=\"https:\/\/mundial2026.social\/blog\/wp-content\/uploads\/2024\/02\/luis-enrique-y-de-la-fuente-300x169.jpg 300w, https:\/\/mundial2026.social\/blog\/wp-content\/uploads\/2024\/02\/luis-enrique-y-de-la-fuente-768x432.jpg 768w, https:\/\/mundial2026.social\/blog\/wp-content\/uploads\/2024\/02\/luis-enrique-y-de-la-fuente.jpg 800w\" sizes=\"(max-width: 341px) 100vw, 341px\" \/><\/p>\n<h2>Luis de la Fuente, sucesor de Luis Enrique<\/h2>\n<p>Su nombramiento como sucesor de <strong>Luis Enrique<\/strong> al frente del equipo nacional, seguido de una serie de \u00e9xitos en el terreno de juego, respalda su capacidad y liderazgo en el \u00e1mbito t\u00e9cnico. Con tan solo una derrota en los diez partidos dirigidos como seleccionador, <strong>De la Fuente<\/strong> ha consolidado su posici\u00f3n y ha llevado al equipo espa\u00f1ol a la clasificaci\u00f3n directa para la <a href=\"https:\/\/es.uefa.com\/euro2024\/\" target=\"_blank\" rel=\"noopener\"><strong>Eurocopa 2024<\/strong><\/a>.<\/p>\n<p>La renovaci\u00f3n de su contrato antes del inicio de la competici\u00f3n demuestra la confianza y el respaldo de la <strong>RFEF<\/strong> en su labor, asegurando una continuidad estable y un enfoque claro en los objetivos deportivos a largo plazo. Con este acuerdo, <strong>De la Fuente<\/strong> se prepara para guiar a <strong>Espa\u00f1a<\/strong> en su pr\u00f3ximo desaf\u00edo europeo y m\u00e1s all\u00e1, en el escenario <strong>mundialista de 2026<\/strong>.<\/p>\n","protected":false},"excerpt":{"rendered":"<p>Luis de la Fuente extiende su contrato con Espa\u00f1a hasta el Mundial 2026 Luis de la Fuente ha extendido su compromiso como director t\u00e9cnico de la selecci\u00f3n espa\u00f1ola, asegurando su liderazgo hasta el a\u00f1o 2026. Esta decisi\u00f3n fue respaldada por la Comisi\u00f3n Gestora de la Federaci\u00f3n Espa\u00f1ola de F\u00fatbol durante su reuni\u00f3n del jueves, lo [&hellip;]<\/p>\n","protected":false},"author":1,"featured_media":28,"comment_status":"open","ping_status":"open","sticky":false,"template":"","format":"standard","meta":{"footnotes":""},"categories":[4,6,5],"tags":[7,8,9],"class_list":["post-24","post","type-post","status-publish","format-standard","has-post-thumbnail","hentry","category-mundial-2026","category-director-tecnico","category-seleccion-de-espana","tag-copa-del-mundo-2026","tag-luis-de-la-fuente","tag-seleccion-espanola-de-futbol"],"blocksy_meta":[],"_links":{"self":[{"href":"https:\/\/mundial2026.social\/blog\/wp-json\/wp\/v2\/posts\/24","targetHints":{"allow":["GET"]}}],"collection":[{"href":"https:\/\/mundial2026.social\/blog\/wp-json\/wp\/v2\/posts"}],"about":[{"href":"https:\/\/mundial2026.social\/blog\/wp-json\/wp\/v2\/types\/post"}],"author":[{"embeddable":true,"href":"https:\/\/mundial2026.social\/blog\/wp-json\/wp\/v2\/users\/1"}],"replies":[{"embeddable":true,"href":"https:\/\/mundial2026.social\/blog\/wp-json\/wp\/v2\/comments?post=24"}],"version-history":[{"count":5,"href":"https:\/\/mundial2026.social\/blog\/wp-json\/wp\/v2\/posts\/24\/revisions"}],"predecessor-version":[{"id":27,"href":"https:\/\/mundial2026.social\/blog\/wp-json\/wp\/v2\/posts\/24\/revisions\/27"}],"wp:featuredmedia":[{"embeddable":true,"href":"https:\/\/mundial2026.social\/blog\/wp-json\/wp\/v2\/media\/28"}],"wp:attachment":[{"href":"https:\/\/mundial2026.social\/blog\/wp-json\/wp\/v2\/media?parent=24"}],"wp:term":[{"taxonomy":"category","embeddable":true,"href":"https:\/\/mundial2026.social\/blog\/wp-json\/wp\/v2\/categories?post=24"},{"taxonomy":"post_tag","embeddable":true,"href":"https:\/\/mundial2026.social\/blog\/wp-json\/wp\/v2\/tags?post=24"}],"curies":[{"name":"wp","href":"https:\/\/api.w.org\/{rel}","templated":true}]}}